{"id":3802,"date":"2025-02-03T09:16:51","date_gmt":"2025-02-03T09:16:51","guid":{"rendered":"https:\/\/sodecao.cm\/?p=3802"},"modified":"2025-02-03T09:17:03","modified_gmt":"2025-02-03T09:17:03","slug":"lancement-officiel-des-travaux-de-construction-de-la-voie-dacces-aux-champs-de-production-de-bikoe","status":"publish","type":"post","link":"https:\/\/sodecao.cm\/en\/lancement-officiel-des-travaux-de-construction-de-la-voie-dacces-aux-champs-de-production-de-bikoe\/","title":{"rendered":"Construction of Bikoe Production Fields Access Road Kicks Off"},"content":{"rendered":"<p>On January 30, 2025, a team dispatched by the General Manager of SODECAO officially launched the construction works of the access road to the production fields of Bikoe, as well as the repairs of critical points on the access road. This initiative follows a preparatory visit that took place on December 13, 2024.<\/p>\n\n\n\n<p>The launch ceremony was attended by the Divisional Officer of Mvengue and his delegation, traditional authorities, notables, local dignitaries and residents of the area. Their presence testifies to the importance of this project for the local community and the development of the region. The project aims to improve access to the production fields of Bikoe in order to reduce pre- and post-harvest losses in the plantations of this area. It will have a positive impact on the production and marketing of cocoa, a key sector of the Cameroonian economy.<\/p>\n\n\n\n<figure class=\"wp-block-image size-large is-resized\"><img decoding=\"async\" loading=\"lazy\" width=\"1024\" height=\"768\" src=\"https:\/\/sodecao.cm\/wp-content\/uploads\/2025\/02\/WhatsApp-Image-2025-01-30-at-17.55.13-1024x768.jpeg\" alt=\"\" class=\"wp-image-3807\" style=\"aspect-ratio:1.3333333333333333;width:959px;height:auto\" srcset=\"https:\/\/sodecao.cm\/wp-content\/uploads\/2025\/02\/WhatsApp-Image-2025-01-30-at-17.55.13-1024x768.jpeg 1024w, https:\/\/sodecao.cm\/wp-content\/uploads\/2025\/02\/WhatsApp-Image-2025-01-30-at-17.55.13-300x225.jpeg 300w, https:\/\/sodecao.cm\/wp-content\/uploads\/2025\/02\/WhatsApp-Image-2025-01-30-at-17.55.13-768x576.jpeg 768w, https:\/\/sodecao.cm\/wp-content\/uploads\/2025\/02\/WhatsApp-Image-2025-01-30-at-17.55.13-16x12.jpeg 16w, https:\/\/sodecao.cm\/wp-content\/uploads\/2025\/02\/WhatsApp-Image-2025-01-30-at-17.55.13.jpeg 1080w\" sizes=\"(max-width: 1024px) 100vw, 1024px\" \/><\/figure>\n\n\n\n<p>The D.O of Mvengue highlighted the importance of an effective collaboration between the local population and traditional authorities for the successful implementation of the project. He also highlighted the government's particular interest in developing the cocoa sector, the country's second-largest source of foreign exchange.<\/p>\n\n\n\n<p>The representative of the General Manager of SODECAO presented the project details and the provisional timeline. He equally emphasized on effective community engagement, which is crucial for the success of this first phase.<\/p>\n\n\n\n<p>Traditional authorities and local populations expressed their gratitude to the General Manager for the implementation of this long-awaited project since 2009, aimed at reducing pre- and post-harvest losses. A family photo was taken to commemorate this important milestone.&nbsp;<\/p>","protected":false},"excerpt":{"rendered":"<p>On January 30, 2025, a team dispatched by the General Manager..<\/p>","protected":false},"author":1,"featured_media":3805,"comment_status":"open","ping_status":"open","sticky":false,"template":"","format":"standard","meta":{"_bbp_topic_count":0,"_bbp_reply_count":0,"_bbp_total_topic_count":0,"_bbp_total_reply_count":0,"_bbp_voice_count":0,"_bbp_anonymous_reply_count":0,"_bbp_topic_count_hidden":0,"_bbp_reply_count_hidden":0,"_bbp_forum_subforum_count":0,"footnotes":""},"categories":[3],"tags":[],"yoast_head":"<!-- This site is optimized with the Yoast SEO plugin v21.4 - https:\/\/yoast.com\/wordpress\/plugins\/seo\/ -->\n<title>Lancement officiel des travaux de construction de la voie d&#039;acc\u00e8s aux champs de production de Bikoe - Soci\u00e9t\u00e9 de D\u00e9veloppement du Cacao<\/title>\n<meta name=\"robots\" content=\"index, follow, max-snippet:-1, max-image-preview:large, max-video-preview:-1\" \/>\n<link rel=\"canonical\" href=\"https:\/\/sodecao.cm\/en\/lancement-officiel-des-travaux-de-construction-de-la-voie-dacces-aux-champs-de-production-de-bikoe\/\" \/>\n<meta property=\"og:locale\" content=\"en_GB\" \/>\n<meta property=\"og:type\" content=\"article\" \/>\n<meta property=\"og:title\" content=\"Lancement officiel des travaux de construction de la voie d&#039;acc\u00e8s aux champs de production de Bikoe - Soci\u00e9t\u00e9 de D\u00e9veloppement du Cacao\" \/>\n<meta property=\"og:description\" content=\"Le 30 janvier 2025, une \u00e9quipe d\u00e9p\u00each\u00e9e par le Directeur&#046;&#046;&#046;\" \/>\n<meta property=\"og:url\" content=\"https:\/\/sodecao.cm\/en\/lancement-officiel-des-travaux-de-construction-de-la-voie-dacces-aux-champs-de-production-de-bikoe\/\" \/>\n<meta property=\"og:site_name\" content=\"Soci\u00e9t\u00e9 de D\u00e9veloppement du Cacao\" \/>\n<meta property=\"article:published_time\" content=\"2025-02-03T09:16:51+00:00\" \/>\n<meta property=\"article:modified_time\" content=\"2025-02-03T09:17:03+00:00\" \/>\n<meta property=\"og:image\" content=\"https:\/\/sodecao.cm\/wp-content\/uploads\/2025\/02\/WhatsApp-Image-2025-01-30-at-17.55.14.jpeg\" \/>\n\t<meta property=\"og:image:width\" content=\"1080\" \/>\n\t<meta property=\"og:image:height\" content=\"810\" \/>\n\t<meta property=\"og:image:type\" content=\"image\/jpeg\" \/>\n<meta name=\"author\" content=\"admin\" \/>\n<meta name=\"twitter:card\" content=\"summary_large_image\" \/>\n<meta name=\"twitter:label1\" content=\"Written by\" \/>\n\t<meta name=\"twitter:data1\" content=\"admin\" \/>\n\t<meta name=\"twitter:label2\" content=\"Estimated reading time\" \/>\n\t<meta name=\"twitter:data2\" content=\"2 minutes\" \/>\n<script type=\"application\/ld+json\" class=\"yoast-schema-graph\">{\"@context\":\"https:\/\/schema.org\",\"@graph\":[{\"@type\":\"Article\",\"@id\":\"https:\/\/sodecao.cm\/lancement-officiel-des-travaux-de-construction-de-la-voie-dacces-aux-champs-de-production-de-bikoe\/#article\",\"isPartOf\":{\"@id\":\"https:\/\/sodecao.cm\/lancement-officiel-des-travaux-de-construction-de-la-voie-dacces-aux-champs-de-production-de-bikoe\/\"},\"author\":{\"name\":\"admin\",\"@id\":\"https:\/\/sodecao.cm\/#\/schema\/person\/02d301d80ec547b1a48b844f6f866011\"},\"headline\":\"Lancement officiel des travaux de construction de la voie d&rsquo;acc\u00e8s aux champs de production de Bikoe\",\"datePublished\":\"2025-02-03T09:16:51+00:00\",\"dateModified\":\"2025-02-03T09:17:03+00:00\",\"mainEntityOfPage\":{\"@id\":\"https:\/\/sodecao.cm\/lancement-officiel-des-travaux-de-construction-de-la-voie-dacces-aux-champs-de-production-de-bikoe\/\"},\"wordCount\":353,\"commentCount\":0,\"publisher\":{\"@id\":\"https:\/\/sodecao.cm\/#organization\"},\"articleSection\":[\"diapositive\"],\"inLanguage\":\"en-GB\",\"potentialAction\":[{\"@type\":\"CommentAction\",\"name\":\"Comment\",\"target\":[\"https:\/\/sodecao.cm\/lancement-officiel-des-travaux-de-construction-de-la-voie-dacces-aux-champs-de-production-de-bikoe\/#respond\"]}]},{\"@type\":\"WebPage\",\"@id\":\"https:\/\/sodecao.cm\/lancement-officiel-des-travaux-de-construction-de-la-voie-dacces-aux-champs-de-production-de-bikoe\/\",\"url\":\"https:\/\/sodecao.cm\/lancement-officiel-des-travaux-de-construction-de-la-voie-dacces-aux-champs-de-production-de-bikoe\/\",\"name\":\"Lancement officiel des travaux de construction de la voie d'acc\u00e8s aux champs de production de Bikoe - Soci\u00e9t\u00e9 de D\u00e9veloppement du Cacao\",\"isPartOf\":{\"@id\":\"https:\/\/sodecao.cm\/#website\"},\"datePublished\":\"2025-02-03T09:16:51+00:00\",\"dateModified\":\"2025-02-03T09:17:03+00:00\",\"breadcrumb\":{\"@id\":\"https:\/\/sodecao.cm\/lancement-officiel-des-travaux-de-construction-de-la-voie-dacces-aux-champs-de-production-de-bikoe\/#breadcrumb\"},\"inLanguage\":\"en-GB\",\"potentialAction\":[{\"@type\":\"ReadAction\",\"target\":[\"https:\/\/sodecao.cm\/lancement-officiel-des-travaux-de-construction-de-la-voie-dacces-aux-champs-de-production-de-bikoe\/\"]}]},{\"@type\":\"BreadcrumbList\",\"@id\":\"https:\/\/sodecao.cm\/lancement-officiel-des-travaux-de-construction-de-la-voie-dacces-aux-champs-de-production-de-bikoe\/#breadcrumb\",\"itemListElement\":[{\"@type\":\"ListItem\",\"position\":1,\"name\":\"Accueil\",\"item\":\"https:\/\/sodecao.cm\/\"},{\"@type\":\"ListItem\",\"position\":2,\"name\":\"Lancement officiel des travaux de construction de la voie d&rsquo;acc\u00e8s aux champs de production de Bikoe\"}]},{\"@type\":\"WebSite\",\"@id\":\"https:\/\/sodecao.cm\/#website\",\"url\":\"https:\/\/sodecao.cm\/\",\"name\":\"Soci\u00e9t\u00e9 de D\u00e9veloppement du Cacao\",\"description\":\"Prot\u00e9ger le verger cacaoyer\",\"publisher\":{\"@id\":\"https:\/\/sodecao.cm\/#organization\"},\"potentialAction\":[{\"@type\":\"SearchAction\",\"target\":{\"@type\":\"EntryPoint\",\"urlTemplate\":\"https:\/\/sodecao.cm\/?s={search_term_string}\"},\"query-input\":\"required name=search_term_string\"}],\"inLanguage\":\"en-GB\"},{\"@type\":\"Organization\",\"@id\":\"https:\/\/sodecao.cm\/#organization\",\"name\":\"Soci\u00e9t\u00e9 de D\u00e9veloppement du Cacao\",\"alternateName\":\"sodecao\",\"url\":\"https:\/\/sodecao.cm\/\",\"logo\":{\"@type\":\"ImageObject\",\"inLanguage\":\"en-GB\",\"@id\":\"https:\/\/sodecao.cm\/#\/schema\/logo\/image\/\",\"url\":\"https:\/\/sodecao.cm\/wp-content\/uploads\/2019\/09\/1532562884-1.jpg\",\"contentUrl\":\"https:\/\/sodecao.cm\/wp-content\/uploads\/2019\/09\/1532562884-1.jpg\",\"width\":308,\"height\":55,\"caption\":\"Soci\u00e9t\u00e9 de D\u00e9veloppement du Cacao\"},\"image\":{\"@id\":\"https:\/\/sodecao.cm\/#\/schema\/logo\/image\/\"}},{\"@type\":\"Person\",\"@id\":\"https:\/\/sodecao.cm\/#\/schema\/person\/02d301d80ec547b1a48b844f6f866011\",\"name\":\"admin\",\"image\":{\"@type\":\"ImageObject\",\"inLanguage\":\"en-GB\",\"@id\":\"https:\/\/sodecao.cm\/#\/schema\/person\/image\/\",\"url\":\"https:\/\/secure.gravatar.com\/avatar\/356689bd435cc2fb22c51d95a4aaa7de?s=96&d=mm&r=g\",\"contentUrl\":\"https:\/\/secure.gravatar.com\/avatar\/356689bd435cc2fb22c51d95a4aaa7de?s=96&d=mm&r=g\",\"caption\":\"admin\"},\"url\":\"https:\/\/sodecao.cm\/en\/author\/admin\/\"}]}<\/script>\n<!-- \/ Yoast SEO plugin. -->","yoast_head_json":{"title":"Lancement officiel des travaux de construction de la voie d'acc\u00e8s aux champs de production de Bikoe - Soci\u00e9t\u00e9 de D\u00e9veloppement du Cacao","robots":{"index":"index","follow":"follow","max-snippet":"max-snippet:-1","max-image-preview":"max-image-preview:large","max-video-preview":"max-video-preview:-1"},"canonical":"https:\/\/sodecao.cm\/en\/lancement-officiel-des-travaux-de-construction-de-la-voie-dacces-aux-champs-de-production-de-bikoe\/","og_locale":"en_GB","og_type":"article","og_title":"Lancement officiel des travaux de construction de la voie d'acc\u00e8s aux champs de production de Bikoe - Soci\u00e9t\u00e9 de D\u00e9veloppement du Cacao","og_description":"Le 30 janvier 2025, une \u00e9quipe d\u00e9p\u00each\u00e9e par le Directeur&#46;&#46;&#46;","og_url":"https:\/\/sodecao.cm\/en\/lancement-officiel-des-travaux-de-construction-de-la-voie-dacces-aux-champs-de-production-de-bikoe\/","og_site_name":"Soci\u00e9t\u00e9 de D\u00e9veloppement du Cacao","article_published_time":"2025-02-03T09:16:51+00:00","article_modified_time":"2025-02-03T09:17:03+00:00","og_image":[{"width":1080,"height":810,"url":"https:\/\/sodecao.cm\/wp-content\/uploads\/2025\/02\/WhatsApp-Image-2025-01-30-at-17.55.14.jpeg","type":"image\/jpeg"}],"author":"admin","twitter_card":"summary_large_image","twitter_misc":{"Written by":"admin","Estimated reading time":"2 minutes"},"schema":{"@context":"https:\/\/schema.org","@graph":[{"@type":"Article","@id":"https:\/\/sodecao.cm\/lancement-officiel-des-travaux-de-construction-de-la-voie-dacces-aux-champs-de-production-de-bikoe\/#article","isPartOf":{"@id":"https:\/\/sodecao.cm\/lancement-officiel-des-travaux-de-construction-de-la-voie-dacces-aux-champs-de-production-de-bikoe\/"},"author":{"name":"admin","@id":"https:\/\/sodecao.cm\/#\/schema\/person\/02d301d80ec547b1a48b844f6f866011"},"headline":"Lancement officiel des travaux de construction de la voie d&rsquo;acc\u00e8s aux champs de production de Bikoe","datePublished":"2025-02-03T09:16:51+00:00","dateModified":"2025-02-03T09:17:03+00:00","mainEntityOfPage":{"@id":"https:\/\/sodecao.cm\/lancement-officiel-des-travaux-de-construction-de-la-voie-dacces-aux-champs-de-production-de-bikoe\/"},"wordCount":353,"commentCount":0,"publisher":{"@id":"https:\/\/sodecao.cm\/#organization"},"articleSection":["diapositive"],"inLanguage":"en-GB","potentialAction":[{"@type":"CommentAction","name":"Comment","target":["https:\/\/sodecao.cm\/lancement-officiel-des-travaux-de-construction-de-la-voie-dacces-aux-champs-de-production-de-bikoe\/#respond"]}]},{"@type":"WebPage","@id":"https:\/\/sodecao.cm\/lancement-officiel-des-travaux-de-construction-de-la-voie-dacces-aux-champs-de-production-de-bikoe\/","url":"https:\/\/sodecao.cm\/lancement-officiel-des-travaux-de-construction-de-la-voie-dacces-aux-champs-de-production-de-bikoe\/","name":"Lancement officiel des travaux de construction de la voie d'acc\u00e8s aux champs de production de Bikoe - Soci\u00e9t\u00e9 de D\u00e9veloppement du Cacao","isPartOf":{"@id":"https:\/\/sodecao.cm\/#website"},"datePublished":"2025-02-03T09:16:51+00:00","dateModified":"2025-02-03T09:17:03+00:00","breadcrumb":{"@id":"https:\/\/sodecao.cm\/lancement-officiel-des-travaux-de-construction-de-la-voie-dacces-aux-champs-de-production-de-bikoe\/#breadcrumb"},"inLanguage":"en-GB","potentialAction":[{"@type":"ReadAction","target":["https:\/\/sodecao.cm\/lancement-officiel-des-travaux-de-construction-de-la-voie-dacces-aux-champs-de-production-de-bikoe\/"]}]},{"@type":"BreadcrumbList","@id":"https:\/\/sodecao.cm\/lancement-officiel-des-travaux-de-construction-de-la-voie-dacces-aux-champs-de-production-de-bikoe\/#breadcrumb","itemListElement":[{"@type":"ListItem","position":1,"name":"Accueil","item":"https:\/\/sodecao.cm\/"},{"@type":"ListItem","position":2,"name":"Lancement officiel des travaux de construction de la voie d&rsquo;acc\u00e8s aux champs de production de Bikoe"}]},{"@type":"WebSite","@id":"https:\/\/sodecao.cm\/#website","url":"https:\/\/sodecao.cm\/","name":"Soci\u00e9t\u00e9 de D\u00e9veloppement du Cacao","description":"Prot\u00e9ger le verger cacaoyer","publisher":{"@id":"https:\/\/sodecao.cm\/#organization"},"potentialAction":[{"@type":"SearchAction","target":{"@type":"EntryPoint","urlTemplate":"https:\/\/sodecao.cm\/?s={search_term_string}"},"query-input":"required name=search_term_string"}],"inLanguage":"en-GB"},{"@type":"Organization","@id":"https:\/\/sodecao.cm\/#organization","name":"Soci\u00e9t\u00e9 de D\u00e9veloppement du Cacao","alternateName":"sodecao","url":"https:\/\/sodecao.cm\/","logo":{"@type":"ImageObject","inLanguage":"en-GB","@id":"https:\/\/sodecao.cm\/#\/schema\/logo\/image\/","url":"https:\/\/sodecao.cm\/wp-content\/uploads\/2019\/09\/1532562884-1.jpg","contentUrl":"https:\/\/sodecao.cm\/wp-content\/uploads\/2019\/09\/1532562884-1.jpg","width":308,"height":55,"caption":"Soci\u00e9t\u00e9 de D\u00e9veloppement du Cacao"},"image":{"@id":"https:\/\/sodecao.cm\/#\/schema\/logo\/image\/"}},{"@type":"Person","@id":"https:\/\/sodecao.cm\/#\/schema\/person\/02d301d80ec547b1a48b844f6f866011","name":"admin","image":{"@type":"ImageObject","inLanguage":"en-GB","@id":"https:\/\/sodecao.cm\/#\/schema\/person\/image\/","url":"https:\/\/secure.gravatar.com\/avatar\/356689bd435cc2fb22c51d95a4aaa7de?s=96&d=mm&r=g","contentUrl":"https:\/\/secure.gravatar.com\/avatar\/356689bd435cc2fb22c51d95a4aaa7de?s=96&d=mm&r=g","caption":"admin"},"url":"https:\/\/sodecao.cm\/en\/author\/admin\/"}]}},"_links":{"self":[{"href":"https:\/\/sodecao.cm\/en\/wp-json\/wp\/v2\/posts\/3802"}],"collection":[{"href":"https:\/\/sodecao.cm\/en\/wp-json\/wp\/v2\/posts"}],"about":[{"href":"https:\/\/sodecao.cm\/en\/wp-json\/wp\/v2\/types\/post"}],"author":[{"embeddable":true,"href":"https:\/\/sodecao.cm\/en\/wp-json\/wp\/v2\/users\/1"}],"replies":[{"embeddable":true,"href":"https:\/\/sodecao.cm\/en\/wp-json\/wp\/v2\/comments?post=3802"}],"version-history":[{"count":1,"href":"https:\/\/sodecao.cm\/en\/wp-json\/wp\/v2\/posts\/3802\/revisions"}],"predecessor-version":[{"id":3808,"href":"https:\/\/sodecao.cm\/en\/wp-json\/wp\/v2\/posts\/3802\/revisions\/3808"}],"wp:featuredmedia":[{"embeddable":true,"href":"https:\/\/sodecao.cm\/en\/wp-json\/wp\/v2\/media\/3805"}],"wp:attachment":[{"href":"https:\/\/sodecao.cm\/en\/wp-json\/wp\/v2\/media?parent=3802"}],"wp:term":[{"taxonomy":"category","embeddable":true,"href":"https:\/\/sodecao.cm\/en\/wp-json\/wp\/v2\/categories?post=3802"},{"taxonomy":"post_tag","embeddable":true,"href":"https:\/\/sodecao.cm\/en\/wp-json\/wp\/v2\/tags?post=3802"}],"curies":[{"name":"wp","href":"https:\/\/api.w.org\/{rel}","templated":true}]}}